{"id":7589,"date":"2026-03-27T00:03:27","date_gmt":"2026-03-26T23:03:27","guid":{"rendered":"https:\/\/snejbjergsgi.dk\/svoemning\/?p=7589"},"modified":"2026-03-27T00:35:38","modified_gmt":"2026-03-26T23:35:38","slug":"saesonafslutning-tilmeldingen-er-aaben","status":"publish","type":"post","link":"https:\/\/snejbjergsgi.dk\/svoemning\/saesonafslutning-tilmeldingen-er-aaben\/","title":{"rendered":"S\u00e6sonafslutning 2026 &#8211; tilmeldingen er \u00e5ben"},"content":{"rendered":"<p>Endelig fik vi indbydelserne til \u00e5rets s\u00e6sonafslutning \/ store m\u00e6rkedag klar og \u00e5bnet for tilmeldingen.<\/p>\n<p>Har du styr p\u00e5, hvilken af pr\u00f8verne (<a href=\"https:\/\/snejbjergsgi.dk\/svoemning\/haletudse\/\">Haletudse<\/a>, <a href=\"https:\/\/snejbjergsgi.dk\/svoemning\/froe\/\">Fr\u00f8<\/a>, <a href=\"https:\/\/snejbjergsgi.dk\/svoemning\/bronzefroe\/\">Bronzefr\u00f8<\/a>, <a href=\"https:\/\/snejbjergsgi.dk\/svoemning\/soelvfroe\/\">S\u00f8lvfr\u00f8<\/a>, <a href=\"https:\/\/snejbjergsgi.dk\/svoemning\/guldfroe\/\">Guldfr\u00f8<\/a>) dit barn skal tage? Ellers l\u00e6s om pr\u00f8verne her eller sp\u00f8rg barnets instrukt\u00f8r. Tilmeldingen er \u00e5ben frem til mandag d. 13. april kl. 21, men skynd dig gerne at hoppe ind p\u00e5 tilmeldingen.<\/p>\n<p>Husk at det er gratis, b\u00e5de for medlemmer at deltage, og gratis for tilskuere s\u00e5 husk at f\u00e5 inviteret bedstefor\u00e6ldre, s\u00f8skende og selvf\u00f8lgelig dine for\u00e6ldre, s\u00e5 de alle kan se hvor dygtig du er blevet gennem s\u00e6sonen.<\/p>\n<p>Indbydelsen, som er delt ud til alle sv\u00f8mmere i dagene 16.-27. marts finder du ogs\u00e5 i elektronisk udgave her: <a href=\"https:\/\/docs.google.com\/document\/d\/e\/2PACX-1vQwVrg5DR6UxYscoTVE0WXZH3BdnjytFWkElHeexqLZL3GwVwcN4OdjSMolcC70EnUp4HCi_3aA0aLG\/pub\" target=\"_blank\" rel=\"noopener\">indbydelse, s\u00e6sonafslutning 2026<\/a><\/p>\n","protected":false},"excerpt":{"rendered":"<p>Endelig fik vi indbydelserne til \u00e5rets s\u00e6sonafslutning \/ store m\u00e6rkedag klar og \u00e5bnet for tilmeldingen. Har du styr p\u00e5, hvilken af pr\u00f8verne (Haletudse, Fr\u00f8, Bronzefr\u00f8, S\u00f8lvfr\u00f8, Guldfr\u00f8) dit barn skal tage? Ellers l\u00e6s om pr\u00f8verne her eller sp\u00f8rg barnets instrukt\u00f8r. Tilmeldingen er \u00e5ben frem til mandag d. 13. april kl. 21, men skynd dig gerne [&hellip;]<\/p>\n","protected":false},"author":19,"featured_media":5195,"comment_status":"closed","ping_status":"open","sticky":false,"template":"","format":"standard","meta":{"footnotes":""},"categories":[25,27,17],"tags":[],"class_list":{"0":"post-7589","1":"post","2":"type-post","3":"status-publish","4":"format-standard","5":"has-post-thumbnail","6":"hentry","7":"category-nyhed","8":"category-ssgi","9":"category-svoemning","11":"post-with-thumbnail","12":"post-with-thumbnail-none"},"_links":{"self":[{"href":"https:\/\/snejbjergsgi.dk\/svoemning\/wp-json\/wp\/v2\/posts\/7589","targetHints":{"allow":["GET"]}}],"collection":[{"href":"https:\/\/snejbjergsgi.dk\/svoemning\/wp-json\/wp\/v2\/posts"}],"about":[{"href":"https:\/\/snejbjergsgi.dk\/svoemning\/wp-json\/wp\/v2\/types\/post"}],"author":[{"embeddable":true,"href":"https:\/\/snejbjergsgi.dk\/svoemning\/wp-json\/wp\/v2\/users\/19"}],"replies":[{"embeddable":true,"href":"https:\/\/snejbjergsgi.dk\/svoemning\/wp-json\/wp\/v2\/comments?post=7589"}],"version-history":[{"count":3,"href":"https:\/\/snejbjergsgi.dk\/svoemning\/wp-json\/wp\/v2\/posts\/7589\/revisions"}],"predecessor-version":[{"id":7729,"href":"https:\/\/snejbjergsgi.dk\/svoemning\/wp-json\/wp\/v2\/posts\/7589\/revisions\/7729"}],"wp:featuredmedia":[{"embeddable":true,"href":"https:\/\/snejbjergsgi.dk\/svoemning\/wp-json\/wp\/v2\/media\/5195"}],"wp:attachment":[{"href":"https:\/\/snejbjergsgi.dk\/svoemning\/wp-json\/wp\/v2\/media?parent=7589"}],"wp:term":[{"taxonomy":"category","embeddable":true,"href":"https:\/\/snejbjergsgi.dk\/svoemning\/wp-json\/wp\/v2\/categories?post=7589"},{"taxonomy":"post_tag","embeddable":true,"href":"https:\/\/snejbjergsgi.dk\/svoemning\/wp-json\/wp\/v2\/tags?post=7589"}],"curies":[{"name":"wp","href":"https:\/\/api.w.org\/{rel}","templated":true}]}}