{"id":5199,"date":"2019-04-10T06:52:44","date_gmt":"2019-04-10T04:52:44","guid":{"rendered":"http:\/\/168.119.69.83\/~ssgi\/svoemning\/?p=5199"},"modified":"2023-04-10T21:19:58","modified_gmt":"2023-04-10T19:19:58","slug":"haletudse","status":"publish","type":"post","link":"https:\/\/snejbjergsgi.dk\/svoemning\/haletudse\/","title":{"rendered":"Haletudse"},"content":{"rendered":"<h3>Pr\u00f8veindhold<\/h3>\n<p><a class=\"mceItemAnchor\" name=\"green\"><\/a><\/p>\n<ul>\n<li>Komme i vandet uden hj\u00e6lp<\/li>\n<li>F\u00e5 vand i hovedet<\/li>\n<li>Sv\u00f8mme 8 meter forl\u00e6ns<\/li>\n<li>Sv\u00f8mme 8 meter bagl\u00e6ns med s\u00f8slange<\/li>\n<li>Komme op af vandet uden hj\u00e6lp<\/li>\n<\/ul>\n<div>Pr\u00f8ven afl\u00e6gges uden sv\u00f8mmebriller og armvinger, men det er tilladt at benytte to b\u00e6lter.<\/div>\n<h3>Hvem?<\/h3>\n<div>Haletudse-pr\u00f8ven passer med de m\u00e5l, vi har for plask &amp; leg holdene, og dagen er som regel en rigtig stor oplevelse for de mindste sv\u00f8mmere.<\/p>\n<p>Klar til at tilmelde dig haletudse-pr\u00f8ven? G\u00e5 til\u00a0<a href=\"http:\/\/168.119.69.83\/~ssgi\/svoemning\/praktisk-info\/afslutning-tilmelding\/\">tilmelding, s\u00e6sonafslutning<\/a>,<br \/>\nEr det ikke den rigtige pr\u00f8ve for dig? &#8211; se de\u00a0<a href=\"\/svoemning\/praktisk-info\/afslutning-tilmelding\/\">\u00f8vrige fr\u00f8pr\u00f8ver<\/a><\/p>\n<\/div>\n<p><img loading=\"lazy\" decoding=\"async\" class=\"alignnone size-thumbnail wp-image-5217\" src=\"http:\/\/168.119.69.83\/~ssgi\/svoemning\/wp-content\/uploads\/sites\/17\/2018\/09\/haletudse1-150x150.png\" alt=\"Haletudse, Snejbjerg Sv\u00f8mmeklub\" width=\"150\" height=\"150\" srcset=\"https:\/\/snejbjergsgi.dk\/svoemning\/wp-content\/uploads\/sites\/17\/2018\/09\/haletudse1-150x150.png 150w, https:\/\/snejbjergsgi.dk\/svoemning\/wp-content\/uploads\/sites\/17\/2018\/09\/haletudse1-300x300.png 300w, https:\/\/snejbjergsgi.dk\/svoemning\/wp-content\/uploads\/sites\/17\/2018\/09\/haletudse1.png 520w\" sizes=\"auto, (max-width: 150px) 100vw, 150px\" \/><\/p>\n","protected":false},"excerpt":{"rendered":"<p>Pr\u00f8veindhold Komme i vandet uden hj\u00e6lp F\u00e5 vand i hovedet Sv\u00f8mme 8 meter forl\u00e6ns Sv\u00f8mme 8 meter bagl\u00e6ns med s\u00f8slange Komme op af vandet uden hj\u00e6lp Pr\u00f8ven afl\u00e6gges uden sv\u00f8mmebriller og armvinger, men det er tilladt at benytte to b\u00e6lter. Hvem? Haletudse-pr\u00f8ven passer med de m\u00e5l, vi har for plask &amp; leg holdene, og dagen [&hellip;]<\/p>\n","protected":false},"author":1,"featured_media":0,"comment_status":"closed","ping_status":"closed","sticky":false,"template":"","format":"standard","meta":{"footnotes":""},"categories":[8],"tags":[],"class_list":["post-5199","post","type-post","status-publish","format-standard","hentry","category-froeproeve"],"_links":{"self":[{"href":"https:\/\/snejbjergsgi.dk\/svoemning\/wp-json\/wp\/v2\/posts\/5199","targetHints":{"allow":["GET"]}}],"collection":[{"href":"https:\/\/snejbjergsgi.dk\/svoemning\/wp-json\/wp\/v2\/posts"}],"about":[{"href":"https:\/\/snejbjergsgi.dk\/svoemning\/wp-json\/wp\/v2\/types\/post"}],"author":[{"embeddable":true,"href":"https:\/\/snejbjergsgi.dk\/svoemning\/wp-json\/wp\/v2\/users\/1"}],"replies":[{"embeddable":true,"href":"https:\/\/snejbjergsgi.dk\/svoemning\/wp-json\/wp\/v2\/comments?post=5199"}],"version-history":[{"count":9,"href":"https:\/\/snejbjergsgi.dk\/svoemning\/wp-json\/wp\/v2\/posts\/5199\/revisions"}],"predecessor-version":[{"id":7466,"href":"https:\/\/snejbjergsgi.dk\/svoemning\/wp-json\/wp\/v2\/posts\/5199\/revisions\/7466"}],"wp:attachment":[{"href":"https:\/\/snejbjergsgi.dk\/svoemning\/wp-json\/wp\/v2\/media?parent=5199"}],"wp:term":[{"taxonomy":"category","embeddable":true,"href":"https:\/\/snejbjergsgi.dk\/svoemning\/wp-json\/wp\/v2\/categories?post=5199"},{"taxonomy":"post_tag","embeddable":true,"href":"https:\/\/snejbjergsgi.dk\/svoemning\/wp-json\/wp\/v2\/tags?post=5199"}],"curies":[{"name":"wp","href":"https:\/\/api.w.org\/{rel}","templated":true}]}}