{"id":2638,"date":"2018-09-05T19:47:25","date_gmt":"2018-09-05T17:47:25","guid":{"rendered":"http:\/\/2018.snejbjergsgi.dk\/svomning\/?p=2638"},"modified":"2018-09-05T19:47:25","modified_gmt":"2018-09-05T17:47:25","slug":"aarets-svoemmer-2011","status":"publish","type":"post","link":"https:\/\/snejbjergsgi.dk\/svoemning\/aarets-svoemmer-2011\/","title":{"rendered":"\u00c5rets sv\u00f8mmer 2011"},"content":{"rendered":"<table class=\"mceItemTable\" border=\"0\">\n<tbody>\n<tr>\n<td class=\"mceSelected\" colspan=\"2\">\n<h2 style=\"font-size: 12px; font-family: Arial, Helvetica, sans-serif; font-weight: bold; margin: 0px; padding: 10px 0px 0px 0px;\">Masser af liv i sv\u00f8mmehallen den 9. april 2011<\/h2>\n<div><span style=\"font-size: 10pt; font-family: Arial, sans-serif;\">Idag (l\u00f8rdag d. 9. april) har der v\u00e6ret sv\u00f8mmeafslutning i\u00a0<a style=\"outline-style: none; outline-width: initial; outline-color: initial; color: #ff7e0d; text-decoration: none;\" href=\"http:\/\/www.snejbjergsv\u00f8mmehal.dk\">Snejbjerg sv\u00f8mmehal<\/a>, og det var for mig at se en rigtig god oplevelse. Der var ca. 140 b\u00f8rn der skulle op til pr\u00f8ver, og der var nok lige s\u00e5 mange voksne der kiggede p\u00e5. S\u00e5 jo &#8211;\u00a0det var lunt i sv\u00f8mmehallen. Da alle pr\u00f8ver var overst\u00e5et, var det muligt for b\u00f8rnene at hoppe en tur i vandet igen.<\/span><\/div>\n<\/td>\n<\/tr>\n<tr>\n<td class=\"mceSelected\">\n<h2 style=\"font-size: 12px; font-family: Arial, Helvetica, sans-serif; font-weight: bold; margin: 0px; padding: 10px 0px 0px 0px;\"><span style=\"font-family: Verdana, Arial, Helvetica, sans-serif; font-size: 11px; font-weight: normal;\"><span style=\"font-size: 10pt; font-family: Arial, sans-serif;\">\u00a0<\/span><\/span><\/h2>\n<h2 style=\"font-size: 12px; font-family: Arial, Helvetica, sans-serif; font-weight: bold; margin: 0px; padding: 10px 0px 0px 0px;\"><span style=\"font-family: Verdana, Arial, Helvetica, sans-serif; font-size: 11px; font-weight: normal;\"><span style=\"font-size: 10pt; font-family: Arial, sans-serif;\">\u00a0<\/span><\/span><\/h2>\n<h2 style=\"font-size: 12px; font-family: Arial, Helvetica, sans-serif; font-weight: bold; margin: 0px; padding: 10px 0px 0px 0px;\"><span style=\"font-family: Verdana, Arial, Helvetica, sans-serif; font-size: 11px; font-weight: normal;\"><span style=\"font-size: 10pt; font-family: Arial, sans-serif;\">\u00c5rets l\u00e6ngste sv\u00f8mmer blev Salina Jul Andersen, som sv\u00f8mmede 3850 meter. Tillykke til Salina &#8211; det var flot. Hendes navn vil naturligvis blive graveret i pokalen.<\/span><\/span><\/h2>\n<div>\n<span style=\"font-size: 10pt; font-family: Arial, sans-serif;\">Ogs\u00e5 denne gang havde vi lavet en tilbygning til sv\u00f8mmehallen i form at et telt, hvor der var mulighed for at f\u00e5 lidt frisk luft, og en snak over en kop kaffe. Denne gang var der ud over softice, ogs\u00e5 lagt op til en lidt sundere stil, nemlig i form af gratis guler\u00f8dder til alle. Det var en\u00a0virkelig hyggelig eftermiddag.<\/span><span style=\"font-size: 10pt; font-family: Tahoma, sans-serif;\"><\/p>\n<p><\/span><span style=\"font-size: 10pt; font-family: Arial, sans-serif;\">P\u00e5 vegne af livreddere, undervisere og bestyrelsen vil vi gerne sige tak for l\u00e5n af jeres b\u00f8rn ugentlig &#8211; med h\u00e5b om, at de bliver mere vandsikre.<\/span><span style=\"font-size: 10pt; font-family: Tahoma, sans-serif;\"><\/p>\n<p><\/span><span style=\"font-size: 10pt; font-family: Arial, sans-serif;\">H\u00e5ber naturligvis at se mange igen til n\u00e6ste \u00e5rs s\u00e6son, se hvorn\u00e5r den starter i n\u00e6ste nummer af\u00a0<a title=\"Se seneste\/tidligere numre af Sportsnyt Snejbjerg\" href=\"index.php?option=com_content&amp;view=article&amp;id=113:sportsnyt&amp;catid=14\" target=\"_self\">sportsnyt<\/a>\u00a0eller i\u00a0<a title=\"Kalender - Snejbjerg Sv\u00f8mmeklub\" href=\"index.php?option=com_content&amp;view=article&amp;id=7:kalender&amp;catid=2&amp;Itemid=26\">kalenderen<\/a>\u00a0her p\u00e5 vores hjemmeside.<\/span><span style=\"font-size: 10pt; font-family: Tahoma, sans-serif;\"><\/p>\n<p>Louise Villadsen\/Lars Jonsson<br \/>\n<\/span><\/div>\n<\/td>\n<td class=\"mceSelected\"><img loading=\"lazy\" decoding=\"async\" src=\"images\/user\/svomning\/galleri\/afslutning_2011\/Salina_2011.jpg\" alt=\"Salina_2011\" width=\"300\" height=\"400\" \/><br \/>\nSalina Jul Andersen med diplomet p\u00e5 3850 meter samt vandrepokalen hvor hendes navn nu kommer p\u00e5. Udover vandrepokalen, f\u00e5r Salina ogs\u00e5 en lille pokal som hun kunne tage med hjem.<\/td>\n<\/tr>\n<\/tbody>\n<\/table>\n","protected":false},"excerpt":{"rendered":"<p>Masser af liv i sv\u00f8mmehallen den 9. april 2011 Idag (l\u00f8rdag d. 9. april) har der v\u00e6ret sv\u00f8mmeafslutning i\u00a0Snejbjerg sv\u00f8mmehal, og det var for mig at se en rigtig god oplevelse. Der var ca. 140 b\u00f8rn der skulle op til pr\u00f8ver, og der var nok lige s\u00e5 mange voksne der kiggede p\u00e5. S\u00e5 jo &#8211;\u00a0det [&hellip;]<\/p>\n","protected":false},"author":1,"featured_media":0,"comment_status":"open","ping_status":"open","sticky":false,"template":"","format":"standard","meta":{"footnotes":""},"categories":[1],"tags":[],"class_list":["post-2638","post","type-post","status-publish","format-standard","hentry","category-uncategorized"],"_links":{"self":[{"href":"https:\/\/snejbjergsgi.dk\/svoemning\/wp-json\/wp\/v2\/posts\/2638","targetHints":{"allow":["GET"]}}],"collection":[{"href":"https:\/\/snejbjergsgi.dk\/svoemning\/wp-json\/wp\/v2\/posts"}],"about":[{"href":"https:\/\/snejbjergsgi.dk\/svoemning\/wp-json\/wp\/v2\/types\/post"}],"author":[{"embeddable":true,"href":"https:\/\/snejbjergsgi.dk\/svoemning\/wp-json\/wp\/v2\/users\/1"}],"replies":[{"embeddable":true,"href":"https:\/\/snejbjergsgi.dk\/svoemning\/wp-json\/wp\/v2\/comments?post=2638"}],"version-history":[{"count":1,"href":"https:\/\/snejbjergsgi.dk\/svoemning\/wp-json\/wp\/v2\/posts\/2638\/revisions"}],"predecessor-version":[{"id":2639,"href":"https:\/\/snejbjergsgi.dk\/svoemning\/wp-json\/wp\/v2\/posts\/2638\/revisions\/2639"}],"wp:attachment":[{"href":"https:\/\/snejbjergsgi.dk\/svoemning\/wp-json\/wp\/v2\/media?parent=2638"}],"wp:term":[{"taxonomy":"category","embeddable":true,"href":"https:\/\/snejbjergsgi.dk\/svoemning\/wp-json\/wp\/v2\/categories?post=2638"},{"taxonomy":"post_tag","embeddable":true,"href":"https:\/\/snejbjergsgi.dk\/svoemning\/wp-json\/wp\/v2\/tags?post=2638"}],"curies":[{"name":"wp","href":"https:\/\/api.w.org\/{rel}","templated":true}]}}